{"id":1402,"date":"2023-03-20T07:47:14","date_gmt":"2023-03-19T23:47:14","guid":{"rendered":"https:\/\/conshongkong.esteri.it\/news\/dal_consolato\/2023\/03\/essays-residenza-estiva-per-traduttori\/"},"modified":"2023-03-20T07:47:14","modified_gmt":"2023-03-19T23:47:14","slug":"essays-residenza-estiva-per-traduttori","status":"publish","type":"post","link":"https:\/\/conshongkong.esteri.it\/it\/news\/dal_consolato\/2023\/03\/essays-residenza-estiva-per-traduttori\/","title":{"rendered":"ESSAYS. Residenza estiva per traduttori stranieri in lingua italiana &#8211; Fondazione Ugo Da Como &#8211; Lonato del Garda (Brescia)"},"content":{"rendered":"<p style=\"text-align: justify;\">La fondazione Ugo da Como ha indetto un bando (in allegato) per l\u2019assegnazione di n. 6 posti riservato a traduttori di lingua madre tedesca, inglese e francese, nel numero di 2 unit\u00e0 per ciascuna delle lingue menzionate, per un soggiorno mensile da realizzarsi nel mese di luglio 2023 presso la Fondazione Ugo Da Como, che a questo scopo metter\u00e0 a disposizione le proprie strutture: la biblioteca, gli archivi e garantir\u00e0, a ciascuno dei traduttori, vitto e alloggio. Per partecipare \u00e8 richiesto il possesso dei seguenti requisiti:<\/p>\n<ul>\n<li style=\"text-align: justify;\">essere di lingua madre tedesca, inglese o francese;<\/li>\n<li style=\"text-align: justify;\">avere un contratto editoriale per la traduzione di un\u2019opera di saggistica italiana nella propria lingua madre o, in alternativa, un progetto di traduzione in corso.<\/li>\n<\/ul>\n<p>Le domande di partecipazione, redatte in carta libera in lingua italiana, recanti la dichiarazione di possesso dei requisiti di cui all\u2019articolo 2, dovranno essere inviate per e-mail alla Fondazione Ugo Da Como all\u2019indirizzo <a href=\"mailto:info@fondazioneugodacomo.it\">info@fondazioneugodacomo.it<\/a> entro le ore 18:00 del <span style=\"text-decoration: underline;\"><strong>31 marzo 2023.<\/strong><\/span><\/p>\n<p>Per maggiori informazioni, si prega di visionare il bando qui di seguito:<\/p>\n<p style=\"text-align: justify;\"><a href=\"resource\/doc\/2023\/03\/bando_essays_2023_residenza_traduttori_def.pdf\"><strong>Bando per la selezione di candidati per la residenza estiva per traduttori stranieri in lingua italiana della Fondazione Ugo Da Como<\/strong><\/a><\/p>\n","protected":false},"excerpt":{"rendered":"La fondazione Ugo da Como ha indetto un bando (in allegato) per l\u2019assegnazione di n. 6 posti riservato a traduttori di lingua madre tedesca, inglese e francese, nel numero di 2 unit\u00e0 per ciascuna delle lingue menzionate, per un soggiorno mensile da realizzarsi nel mese di luglio 2023 presso la Fondazione Ugo Da Como, che [&hellip;]","protected":false},"author":1,"featured_media":0,"comment_status":"","ping_status":"","sticky":false,"template":"","format":"standard","meta":{"footnotes":""},"tags":[22],"class_list":["post-1402","post","type-post","status-publish","format-standard","hentry","tag-essays-residenza-estiva-per-traduttori"],"_links":{"self":[{"href":"https:\/\/conshongkong.esteri.it\/it\/wp-json\/wp\/v2\/posts\/1402","targetHints":{"allow":["GET"]}}],"collection":[{"href":"https:\/\/conshongkong.esteri.it\/it\/wp-json\/wp\/v2\/posts"}],"about":[{"href":"https:\/\/conshongkong.esteri.it\/it\/wp-json\/wp\/v2\/types\/post"}],"author":[{"embeddable":true,"href":"https:\/\/conshongkong.esteri.it\/it\/wp-json\/wp\/v2\/users\/1"}],"replies":[{"embeddable":true,"href":"https:\/\/conshongkong.esteri.it\/it\/wp-json\/wp\/v2\/comments?post=1402"}],"version-history":[{"count":0,"href":"https:\/\/conshongkong.esteri.it\/it\/wp-json\/wp\/v2\/posts\/1402\/revisions"}],"wp:attachment":[{"href":"https:\/\/conshongkong.esteri.it\/it\/wp-json\/wp\/v2\/media?parent=1402"}],"wp:term":[{"taxonomy":"post_tag","embeddable":true,"href":"https:\/\/conshongkong.esteri.it\/it\/wp-json\/wp\/v2\/tags?post=1402"}],"curies":[{"name":"wp","href":"https:\/\/api.w.org\/{rel}","templated":true}]}}